{"id":410,"date":"2012-10-11T21:39:25","date_gmt":"2012-10-11T19:39:25","guid":{"rendered":"http:\/\/lh-velorution.fr\/?p=410"},"modified":"2012-10-11T21:39:25","modified_gmt":"2012-10-11T19:39:25","slug":"les-perles-du-velo-au-havre-4-avenue-du-8-mai","status":"publish","type":"post","link":"http:\/\/lh-velorution.fr\/?p=410","title":{"rendered":"Les perles du v\u00e9lo au Havre 4 : avenue du 8 mai"},"content":{"rendered":"<p>Aujourd&rsquo;hui, un t\u00e9moignage d&rsquo;Agibi !<\/p>\n<p>\u00ab\u00a0<em>Je suis amen\u00e9 \u00e0 travailler dans les armoires t\u00e9l\u00e9com de par mon\u00a0boulot, celles de l&rsquo;avenue du 8 mai ont \u00e9t\u00e9 d\u00e9plac\u00e9es, mais\u00a0l&#8217;emplacement ne me para\u00eet pas judicieux par rapport aux pistes\u00a0cyclables car une fois ouvertes et le technicien dedans, les cyclistes\u00a0doivent faire un \u00e9cart&#8230;<\/em><\/p>\n<p><em>Mais bon vous me direz, il reste le\u00a0trottoir !\u00a0<\/em><\/p>\n<p><em>Compteur kilom\u00e9trique de pistes enclench\u00e9 par la ville sans forc\u00e9ment\u00a0de r\u00e9flexion et de jugeotte sur les usages, comme d&rsquo;habitude!<\/em>\u00a0\u00bb<\/p>\n<div id=\"attachment_411\" style=\"width: 235px\" class=\"wp-caption aligncenter\"><a href=\"http:\/\/lh-velorution.fr\/wp-content\/uploads\/2012\/10\/2012-06-29-09.20.16-ptit.jpg\"><img loading=\"lazy\" decoding=\"async\" aria-describedby=\"caption-attachment-411\" class=\"size-medium wp-image-411\" title=\"2012-06-29 09.20.16 ptit\" src=\"http:\/\/lh-velorution.fr\/wp-content\/uploads\/2012\/10\/2012-06-29-09.20.16-ptit-225x300.jpg\" alt=\"\" width=\"225\" height=\"300\" srcset=\"http:\/\/lh-velorution.fr\/wp-content\/uploads\/2012\/10\/2012-06-29-09.20.16-ptit-225x300.jpg 225w, http:\/\/lh-velorution.fr\/wp-content\/uploads\/2012\/10\/2012-06-29-09.20.16-ptit.jpg 600w\" sizes=\"auto, (max-width: 225px) 100vw, 225px\" \/><\/a><p id=\"caption-attachment-411\" class=\"wp-caption-text\">Heureusement, Agibi est parti !<\/p><\/div>\n","protected":false},"excerpt":{"rendered":"<p>Aujourd&rsquo;hui, un t\u00e9moignage d&rsquo;Agibi ! \u00ab\u00a0Je suis amen\u00e9 \u00e0 travailler dans les armoires t\u00e9l\u00e9com de par mon\u00a0boulot, celles de l&rsquo;avenue du 8 mai ont \u00e9t\u00e9 d\u00e9plac\u00e9es, mais\u00a0l&#8217;emplacement ne me para\u00eet pas judicieux par rapport aux pistes\u00a0cyclables car une fois ouvertes &hellip; <a href=\"http:\/\/lh-velorution.fr\/?p=410\">Continuer la lecture <span class=\"meta-nav\">&rarr;<\/span><\/a><\/p>\n","protected":false},"author":6,"featured_media":0,"comment_status":"open","ping_status":"open","sticky":false,"template":"","format":"standard","meta":{"footnotes":""},"categories":[6],"tags":[],"class_list":["post-410","post","type-post","status-publish","format-standard","hentry","category-les-propositions"],"_links":{"self":[{"href":"http:\/\/lh-velorution.fr\/index.php?rest_route=\/wp\/v2\/posts\/410","targetHints":{"allow":["GET"]}}],"collection":[{"href":"http:\/\/lh-velorution.fr\/index.php?rest_route=\/wp\/v2\/posts"}],"about":[{"href":"http:\/\/lh-velorution.fr\/index.php?rest_route=\/wp\/v2\/types\/post"}],"author":[{"embeddable":true,"href":"http:\/\/lh-velorution.fr\/index.php?rest_route=\/wp\/v2\/users\/6"}],"replies":[{"embeddable":true,"href":"http:\/\/lh-velorution.fr\/index.php?rest_route=%2Fwp%2Fv2%2Fcomments&post=410"}],"version-history":[{"count":1,"href":"http:\/\/lh-velorution.fr\/index.php?rest_route=\/wp\/v2\/posts\/410\/revisions"}],"predecessor-version":[{"id":412,"href":"http:\/\/lh-velorution.fr\/index.php?rest_route=\/wp\/v2\/posts\/410\/revisions\/412"}],"wp:attachment":[{"href":"http:\/\/lh-velorution.fr\/index.php?rest_route=%2Fwp%2Fv2%2Fmedia&parent=410"}],"wp:term":[{"taxonomy":"category","embeddable":true,"href":"http:\/\/lh-velorution.fr\/index.php?rest_route=%2Fwp%2Fv2%2Fcategories&post=410"},{"taxonomy":"post_tag","embeddable":true,"href":"http:\/\/lh-velorution.fr\/index.php?rest_route=%2Fwp%2Fv2%2Ftags&post=410"}],"curies":[{"name":"wp","href":"https:\/\/api.w.org\/{rel}","templated":true}]}}