{"id":1217,"date":"2019-09-30T08:51:02","date_gmt":"2019-09-30T06:51:02","guid":{"rendered":"http:\/\/lh-velorution.fr\/?p=1217"},"modified":"2020-09-13T21:21:09","modified_gmt":"2020-09-13T19:21:09","slug":"barometre-des-villes-cyclables-2019","status":"publish","type":"post","link":"https:\/\/lh-velorution.fr\/?p=1217","title":{"rendered":"Barom\u00e8tre des villes cyclables 2019"},"content":{"rendered":"<div class=\"ql-editor\">\n<h4 class=\"ql-align-center\" style=\"text-align: center;\">L&rsquo;enqu\u00eate est ouverte du 9 septembre au 30 novembre 2019.<\/h4>\n<p style=\"text-align: center;\"><a href=\"http:\/\/lh-velorution.fr\/wp-content\/uploads\/2019\/09\/logoGrey.67df2c0d.png\"><img loading=\"lazy\" decoding=\"async\" class=\"aligncenter size-full wp-image-1218\" src=\"http:\/\/lh-velorution.fr\/wp-content\/uploads\/2019\/09\/logoGrey.67df2c0d.png\" alt=\"\" width=\"799\" height=\"338\" srcset=\"https:\/\/lh-velorution.fr\/wp-content\/uploads\/2019\/09\/logoGrey.67df2c0d.png 799w, https:\/\/lh-velorution.fr\/wp-content\/uploads\/2019\/09\/logoGrey.67df2c0d-300x127.png 300w, https:\/\/lh-velorution.fr\/wp-content\/uploads\/2019\/09\/logoGrey.67df2c0d-768x325.png 768w, https:\/\/lh-velorution.fr\/wp-content\/uploads\/2019\/09\/logoGrey.67df2c0d-500x212.png 500w\" sizes=\"auto, (max-width: 799px) 100vw, 799px\" \/><\/a>Enqu\u00eate r\u00e9alis\u00e9e par la F\u00e9d\u00e9ration fran\u00e7aise des usagers de la bicyclette (<a href=\"http:\/\/www.fub.fr\/\" target=\"_blank\" rel=\"noopener noreferrer\">www.fub.fr<\/a>)<\/p>\n<p style=\"text-align: center;\"><a href=\"https:\/\/barometre.parlons-velo.fr\/\"><strong>Commencer<\/strong><\/a><\/p>\n<\/div>\n","protected":false},"excerpt":{"rendered":"<p>L&rsquo;enqu\u00eate est ouverte du 9 septembre au 30 novembre 2019. Enqu\u00eate r\u00e9alis\u00e9e par la F\u00e9d\u00e9ration fran\u00e7aise des usagers de la bicyclette (www.fub.fr) Commencer<\/p>\n","protected":false},"author":2,"featured_media":1218,"comment_status":"open","ping_status":"open","sticky":false,"template":"","format":"standard","meta":{"footnotes":""},"categories":[7],"tags":[],"class_list":["post-1217","post","type-post","status-publish","format-standard","has-post-thumbnail","hentry","category-les-annonces"],"_links":{"self":[{"href":"https:\/\/lh-velorution.fr\/index.php?rest_route=\/wp\/v2\/posts\/1217","targetHints":{"allow":["GET"]}}],"collection":[{"href":"https:\/\/lh-velorution.fr\/index.php?rest_route=\/wp\/v2\/posts"}],"about":[{"href":"https:\/\/lh-velorution.fr\/index.php?rest_route=\/wp\/v2\/types\/post"}],"author":[{"embeddable":true,"href":"https:\/\/lh-velorution.fr\/index.php?rest_route=\/wp\/v2\/users\/2"}],"replies":[{"embeddable":true,"href":"https:\/\/lh-velorution.fr\/index.php?rest_route=%2Fwp%2Fv2%2Fcomments&post=1217"}],"version-history":[{"count":3,"href":"https:\/\/lh-velorution.fr\/index.php?rest_route=\/wp\/v2\/posts\/1217\/revisions"}],"predecessor-version":[{"id":1221,"href":"https:\/\/lh-velorution.fr\/index.php?rest_route=\/wp\/v2\/posts\/1217\/revisions\/1221"}],"wp:featuredmedia":[{"embeddable":true,"href":"https:\/\/lh-velorution.fr\/index.php?rest_route=\/wp\/v2\/media\/1218"}],"wp:attachment":[{"href":"https:\/\/lh-velorution.fr\/index.php?rest_route=%2Fwp%2Fv2%2Fmedia&parent=1217"}],"wp:term":[{"taxonomy":"category","embeddable":true,"href":"https:\/\/lh-velorution.fr\/index.php?rest_route=%2Fwp%2Fv2%2Fcategories&post=1217"},{"taxonomy":"post_tag","embeddable":true,"href":"https:\/\/lh-velorution.fr\/index.php?rest_route=%2Fwp%2Fv2%2Ftags&post=1217"}],"curies":[{"name":"wp","href":"https:\/\/api.w.org\/{rel}","templated":true}]}}